
{"id":159,"date":"2020-10-19T18:10:36","date_gmt":"2020-10-19T18:10:36","guid":{"rendered":"http:\/\/szkolanr8.freekru.pl\/?p=159"},"modified":"2020-10-19T18:10:49","modified_gmt":"2020-10-19T18:10:49","slug":"dyrekcja-szkoly","status":"publish","type":"post","link":"https:\/\/szkolanr8.freekru.pl\/?p=159","title":{"rendered":"Dyrekcja szko\u0142y"},"content":{"rendered":"\n<p>Szanowni Pa\u0144stwo, Drodzy Uczniowie, W zwi\u0105zku z tym, i\u017c <\/p>\n\n\n\n<p>mgr. Mariola Klos i mgr. Marian Klos wyjechali na urlop na okres wi\u0119kszy ni\u017c 2 &#8211; 3 miesi\u0105ce \u00f3wczesne obowi\u0105zki s\u0142u\u017cbowe dyrekcji szko\u0142y zosta\u0142y przydzielone mgr. Paulinie Kalinowskiej i wicedyrektorowi szko\u0142y mgr. Kamilowi Urbaniak. <\/p>\n\n\n\n<p>W\u0142a\u015bciciele szko\u0142y (mgr. Mariola i Marian Klos) nie b\u0119d\u0105 odbiera\u0107 i odpowiada\u0107 na wiadomo\u015bci w dzienniku elektronicznym prosimy o zg\u0142aszanie si\u0119 do p. Pauliny Kalinowskiej i p. wicedyrektora szko\u0142y Kamila Urbaniak <\/p>\n\n\n\n<p>Pozdrawiam serdecznie, <\/p>\n\n\n\n<p>Kamil Urbaniak &#8211; wicedyrektor szko\u0142y <\/p>\n","protected":false},"excerpt":{"rendered":"<p>Szanowni Pa\u0144stwo, Drodzy Uczniowie, W zwi\u0105zku z tym, i\u017c mgr. Mariola Klos i mgr. Marian Klos wyjechali na urlop na okres wi\u0119kszy ni\u017c 2 &#8211; 3 miesi\u0105ce \u00f3wczesne obowi\u0105zki s\u0142u\u017cbowe dyrekcji szko\u0142y zosta\u0142y przydzielone mgr. Paulinie Kalinowskiej i wicedyrektorowi szko\u0142y mgr. Kamilowi Urbaniak. W\u0142a\u015bciciele szko\u0142y (mgr. Mariola i Marian Klos) nie b\u0119d\u0105 odbiera\u0107 i odpowiada\u0107 [&hellip;]<\/p>\n","protected":false},"author":1,"featured_media":0,"comment_status":"closed","ping_status":"closed","sticky":false,"template":"","format":"standard","meta":{"footnotes":""},"categories":[1],"tags":[],"class_list":["post-159","post","type-post","status-publish","format-standard","hentry","category-uncategorized"],"_links":{"self":[{"href":"https:\/\/szkolanr8.freekru.pl\/index.php?rest_route=\/wp\/v2\/posts\/159","targetHints":{"allow":["GET"]}}],"collection":[{"href":"https:\/\/szkolanr8.freekru.pl\/index.php?rest_route=\/wp\/v2\/posts"}],"about":[{"href":"https:\/\/szkolanr8.freekru.pl\/index.php?rest_route=\/wp\/v2\/types\/post"}],"author":[{"embeddable":true,"href":"https:\/\/szkolanr8.freekru.pl\/index.php?rest_route=\/wp\/v2\/users\/1"}],"replies":[{"embeddable":true,"href":"https:\/\/szkolanr8.freekru.pl\/index.php?rest_route=%2Fwp%2Fv2%2Fcomments&post=159"}],"version-history":[{"count":1,"href":"https:\/\/szkolanr8.freekru.pl\/index.php?rest_route=\/wp\/v2\/posts\/159\/revisions"}],"predecessor-version":[{"id":160,"href":"https:\/\/szkolanr8.freekru.pl\/index.php?rest_route=\/wp\/v2\/posts\/159\/revisions\/160"}],"wp:attachment":[{"href":"https:\/\/szkolanr8.freekru.pl\/index.php?rest_route=%2Fwp%2Fv2%2Fmedia&parent=159"}],"wp:term":[{"taxonomy":"category","embeddable":true,"href":"https:\/\/szkolanr8.freekru.pl\/index.php?rest_route=%2Fwp%2Fv2%2Fcategories&post=159"},{"taxonomy":"post_tag","embeddable":true,"href":"https:\/\/szkolanr8.freekru.pl\/index.php?rest_route=%2Fwp%2Fv2%2Ftags&post=159"}],"curies":[{"name":"wp","href":"https:\/\/api.w.org\/{rel}","templated":true}]}}