
{"id":217,"date":"2020-12-22T11:57:17","date_gmt":"2020-12-22T11:57:17","guid":{"rendered":"https:\/\/szkolanr8.freekru.pl\/?p=217"},"modified":"2021-01-20T11:39:17","modified_gmt":"2021-01-20T11:39:17","slug":"akcja-zima-w-miescie-2021","status":"publish","type":"post","link":"https:\/\/szkolanr8.freekru.pl\/?p=217","title":{"rendered":"Akcja &#8220;Zima w mie\u015bcie 2021&#8221;"},"content":{"rendered":"\n<p><\/p>\n\n\n\n<figure class=\"wp-block-image size-large\"><img loading=\"lazy\" decoding=\"async\" width=\"520\" height=\"175\" src=\"https:\/\/szkolanr8.freekru.pl\/wp-content\/uploads\/2020\/12\/Zima-w-Miescie.jpg\" alt=\"\" class=\"wp-image-219\" srcset=\"https:\/\/szkolanr8.freekru.pl\/wp-content\/uploads\/2020\/12\/Zima-w-Miescie.jpg 520w, https:\/\/szkolanr8.freekru.pl\/wp-content\/uploads\/2020\/12\/Zima-w-Miescie-300x101.jpg 300w, https:\/\/szkolanr8.freekru.pl\/wp-content\/uploads\/2020\/12\/Zima-w-Miescie-360x121.jpg 360w\" sizes=\"auto, (max-width: 520px) 100vw, 520px\" \/><\/figure>\n\n\n\n<p><\/p>\n\n\n\n<p>Ju\u017c od 7 grudnia 2020 r. od godziny 12.00 rozpoczynamy zapisy do Warszawskiej Akcji \u201eZima w Mie\u015bcie\u201d 2021.<\/p>\n\n\n\n<p>W okresie ferii warszawscy uczniowie oraz dzieci mieszkaj\u0105ce na sta\u0142e w stolicy b\u0119d\u0105 mieli zapewnion\u0105 opiek\u0119 oraz zaj\u0119cia dostosowane do obecnie panuj\u0105cej sytuacji epidemicznej.<\/p>\n\n\n\n<p><strong>Jak si\u0119 zapisa\u0107?<\/strong><\/p>\n\n\n\n<p>Zapisy na \u201eZim\u0119 w Mie\u015bcie\u201d 2021 w elektronicznym systemie rozpoczn\u0105 si\u0119 7 grudnia od godziny 12.00 i potrwaj\u0105 do 11 grudnia do godziny 00.00.<br>Przed wype\u0142nieniem karty kwalifikacyjnej prosz\u0119 zapozna\u0107 si\u0119<br>z zasadami oraz harmonogramem zapis\u00f3w.<\/p>\n\n\n\n<p><strong>Zapisywa\u0107 si\u0119 mo\u017cna pod adresem&nbsp;<\/strong><a href=\"https:\/\/warszawa-zimawmiescie.pzo.edu.pl\/\"><strong>https:\/\/warszawa-zimawmiescie.pzo.edu.pl<\/strong><\/a><\/p>\n\n\n\n<p>Rodzice dzieci rejestruj\u0105 si\u0119 w systemie za pomoc\u0105 numeru PESEL dziecka, nast\u0119pnie samodzielnie tworz\u0105 has\u0142o. Po wprowadzeniu do systemu podstawowych informacji i wyborze turnus\u00f3w feryjnych, nale\u017cy wskaza\u0107 preferowane szko\u0142y. Mo\u017cna wybra\u0107 dowoln\u0105 liczb\u0119 szk\u00f3\u0142 na ka\u017cdy z 2 jednotygodniowych turnus\u00f3w, kt\u00f3re trwaj\u0105 od poniedzia\u0142ku do pi\u0105tku.<\/p>\n\n\n\n<p>Informacj\u0119 o zakwalifikowaniu mo\u017cna uzyska\u0107 w elektronicznym systemie zg\u0142osze\u0144 po zalogowaniu si\u0119 pod adresem:&nbsp;<a href=\"https:\/\/warszawa-zimawmiescie.pzo.edu.pl\/\"><strong>https:\/\/warszawa-zimawmiescie.pzo.edu.pl<\/strong><\/a>od 16 grudnia 2020 r. od godziny 12.00.<\/p>\n\n\n\n<p>Kolejnym krokiem jest dokonanie op\u0142aty za wy\u017cywienie i opiek\u0119. Od 16 grudnia od godz. 12.00 do 18 grudnia do godz. 15.00 nale\u017cy z\u0142o\u017cy\u0107 potwierdzenie dokonania op\u0142at lub za\u015bwiadczenie o zwolnieniu z op\u0142at wraz<br>z wydrukiem karty kwalifikacyjnej i za\u0142\u0105cznikami w ka\u017cdej ze szk\u00f3\u0142, do kt\u00f3rej dziecko zosta\u0142o zakwalifikowane. Ostateczn\u0105 decyzj\u0119 o przyj\u0119ciu dziecka podejmuje organizator wypoczynku.<\/p>\n\n\n\n<p><strong>Feryjne Plac\u00f3wki Edukacyjne<\/strong><\/p>\n\n\n\n<p>Podobnie jak w minionych latach FPE b\u0119d\u0105 dzia\u0142a\u0107 przez pi\u0119\u0107 dni w tygodniu w godzinach od 7.00-8.00 do 16.00-17.00, zapewniaj\u0105c opiek\u0119 uczniom warszawskich szk\u00f3\u0142 oraz dzieciom mieszkaj\u0105cym na sta\u0142e<br>w Warszawie.<\/p>\n\n\n\n<p>Udzia\u0142 we wszystkich zaj\u0119ciach jest bezp\u0142atny. Rodzice wnosz\u0105 op\u0142aty za posi\u0142ki oraz opiek\u0119 w Feryjnych Plac\u00f3wkach Edukacyjnych. Op\u0142ata wynosi 10 z\u0142 dziennie za dwa posi\u0142ki (w tym jeden ciep\u0142y) oraz 10 z\u0142 dziennie za opiek\u0119. Uczniowie, kt\u00f3rzy w ci\u0105gu roku szkolnego korzystaj\u0105 ze zwolnienia z op\u0142at za obiady na mocy decyzji OPS lub dyrektora szko\u0142y, s\u0105 zwolnieni z op\u0142at za opiek\u0119 oraz wy\u017cywienie r\u00f3wnie\u017c podczas wakacji.<\/p>\n\n\n\n<p><strong>Zasady opieki nad dzie\u0107mi podczas ferii<\/strong><\/p>\n\n\n\n<p>Feryjne Plac\u00f3wki Edukacyjne b\u0119d\u0105 funkcjonowa\u0142y zgodnie z aktualnie obowi\u0105zuj\u0105cymi wytycznymi Ministerstwa Edukacji Narodowej, Ministerstwa Zdrowia oraz G\u0142\u00f3wnego Inspektora Sanitarnego. Wprowadza si\u0119 m.in. ograniczenie do 12-14 uczni\u00f3w w grupie.Program wypoczynku b\u0119dzie realizowany na terenie plac\u00f3wki lub w jej najbli\u017cszej okolicy, w miejscach zapewniaj\u0105cych ograniczony kontakt z osobami trzecimi. Stworzenie bezpiecznych warunk\u00f3w dla wszystkich uczestnik\u00f3w jest dla nas priorytetowym zadaniem.<\/p>\n\n\n\n<p>Wszystkie informacje dotycz\u0105ce Warszawskiej Akcji \u201eZima w Mie\u015bcie\u201d 2021 dost\u0119pne s\u0105 na stronie&nbsp;<a href=\"https:\/\/warszawa-zimawmiescie.pzo.edu.pl\/\">https:\/\/warszawa-zimawmiescie.pzo.edu.pl<\/a><\/p>\n\n\n\n<p>Zapraszamy!<\/p>\n","protected":false},"excerpt":{"rendered":"<p>Ju\u017c od 7 grudnia 2020 r. od godziny 12.00 rozpoczynamy zapisy do Warszawskiej Akcji \u201eZima w Mie\u015bcie\u201d 2021. W okresie ferii warszawscy uczniowie oraz dzieci mieszkaj\u0105ce na sta\u0142e w stolicy b\u0119d\u0105 mieli zapewnion\u0105 opiek\u0119 oraz zaj\u0119cia dostosowane do obecnie panuj\u0105cej sytuacji epidemicznej. Jak si\u0119 zapisa\u0107? Zapisy na \u201eZim\u0119 w Mie\u015bcie\u201d 2021 w elektronicznym systemie rozpoczn\u0105 [&hellip;]<\/p>\n","protected":false},"author":1,"featured_media":0,"comment_status":"closed","ping_status":"closed","sticky":false,"template":"","format":"standard","meta":{"footnotes":""},"categories":[1],"tags":[],"class_list":["post-217","post","type-post","status-publish","format-standard","hentry","category-uncategorized"],"_links":{"self":[{"href":"https:\/\/szkolanr8.freekru.pl\/index.php?rest_route=\/wp\/v2\/posts\/217","targetHints":{"allow":["GET"]}}],"collection":[{"href":"https:\/\/szkolanr8.freekru.pl\/index.php?rest_route=\/wp\/v2\/posts"}],"about":[{"href":"https:\/\/szkolanr8.freekru.pl\/index.php?rest_route=\/wp\/v2\/types\/post"}],"author":[{"embeddable":true,"href":"https:\/\/szkolanr8.freekru.pl\/index.php?rest_route=\/wp\/v2\/users\/1"}],"replies":[{"embeddable":true,"href":"https:\/\/szkolanr8.freekru.pl\/index.php?rest_route=%2Fwp%2Fv2%2Fcomments&post=217"}],"version-history":[{"count":2,"href":"https:\/\/szkolanr8.freekru.pl\/index.php?rest_route=\/wp\/v2\/posts\/217\/revisions"}],"predecessor-version":[{"id":220,"href":"https:\/\/szkolanr8.freekru.pl\/index.php?rest_route=\/wp\/v2\/posts\/217\/revisions\/220"}],"wp:attachment":[{"href":"https:\/\/szkolanr8.freekru.pl\/index.php?rest_route=%2Fwp%2Fv2%2Fmedia&parent=217"}],"wp:term":[{"taxonomy":"category","embeddable":true,"href":"https:\/\/szkolanr8.freekru.pl\/index.php?rest_route=%2Fwp%2Fv2%2Fcategories&post=217"},{"taxonomy":"post_tag","embeddable":true,"href":"https:\/\/szkolanr8.freekru.pl\/index.php?rest_route=%2Fwp%2Fv2%2Ftags&post=217"}],"curies":[{"name":"wp","href":"https:\/\/api.w.org\/{rel}","templated":true}]}}