
{"id":426,"date":"2021-06-07T08:39:35","date_gmt":"2021-06-07T08:39:35","guid":{"rendered":"https:\/\/szkolanr8.freekru.pl\/?p=426"},"modified":"2021-06-07T08:39:37","modified_gmt":"2021-06-07T08:39:37","slug":"wyniki-konkursu-plastycznego-zyj-zdrowo-a-bedzie-kolorowo","status":"publish","type":"post","link":"https:\/\/szkolanr8.freekru.pl\/?p=426","title":{"rendered":"Wyniki konkursu plastycznego \u201e\u017byj zdrowo, a b\u0119dzie kolorowo\u201d"},"content":{"rendered":"\n<p>W kwietniu br. uczniowie klas IV a i IV b wzi\u0119li udzia\u0142 w szkolnym konkursie plastycznym promuj\u0105cym zdrowy styl \u017cycia pod tytu\u0142em \u201e\u017byj zdrowo, a b\u0119dzie kolorowo\u201d. Zadaniem uczestnik\u00f3w by\u0142o wykonanie plakatu zach\u0119caj\u0105cego do zachowania prawid\u0142owej postawy cia\u0142a w trakcie lekcji zdalnych. W zmaganiach wzi\u0119\u0142o udzia\u0142 13 uczni\u00f3w. Komisja konkursowa w sk\u0142adzie: p. Joanna Chor\u0119ba\u0142a i p. Renata Koput oceni\u0142a prace. By\u0142y one bardzo ciekawe, pomys\u0142owe i promowa\u0142y prawid\u0142ow\u0105 postaw\u0119 cia\u0142a. Na szkolnym korytarzu mo\u017cna by\u0142o obejrze\u0107 wszystkie prace uczni\u00f3w bior\u0105cych udzia\u0142 w konkursie.<\/p>\n\n\n\n<p>Laureatami konkursu s\u0105:<\/p>\n\n\n\n<p>Klasa IV a<\/p>\n\n\n\n<p>Anna Pochro\u0144<\/p>\n\n\n\n<p>Pola Pomorska<\/p>\n\n\n\n<p>Amelia Zasada<\/p>\n\n\n\n<p>Weronika Czernicka<\/p>\n\n\n\n<p>Klasa IV b<\/p>\n\n\n\n<p>Agata Bukowska<\/p>\n\n\n\n<p>Maja Furtak<\/p>\n\n\n\n<p>Miko\u0142aj Krawczyk<\/p>\n\n\n\n<p>Szymon Sobina<\/p>\n\n\n\n<p>Wyr\u00f3\u017cnienia otrzymuj\u0105 r\u00f3wnie\u017c:<\/p>\n\n\n\n<p>Klasa IV a<\/p>\n\n\n\n<p>Milena Telej<\/p>\n\n\n\n<p>Stanis\u0142aw Doma\u0144ski<\/p>\n\n\n\n<p>Klasa IV b<\/p>\n\n\n\n<p>Marcin \u017belaszczyk<\/p>\n\n\n\n<p>Antoni Stelmaszczuk<\/p>\n\n\n\n<p>Ksawery Cienkusz<\/p>\n\n\n\n<p>Gratuluj\u0119 lauretom i dzi\u0119kuj\u0119 wszystkim uczestnikom konkursu.<\/p>\n\n\n\n<p>Organizator:  Andrzej Michalski <\/p>\n","protected":false},"excerpt":{"rendered":"<p>W kwietniu br. uczniowie klas IV a i IV b wzi\u0119li udzia\u0142 w szkolnym konkursie plastycznym promuj\u0105cym zdrowy styl \u017cycia pod tytu\u0142em \u201e\u017byj zdrowo, a b\u0119dzie kolorowo\u201d. Zadaniem uczestnik\u00f3w by\u0142o wykonanie plakatu zach\u0119caj\u0105cego do zachowania prawid\u0142owej postawy cia\u0142a w trakcie lekcji zdalnych. W zmaganiach wzi\u0119\u0142o udzia\u0142 13 uczni\u00f3w. Komisja konkursowa w sk\u0142adzie: p. Joanna Chor\u0119ba\u0142a [&hellip;]<\/p>\n","protected":false},"author":1,"featured_media":0,"comment_status":"open","ping_status":"open","sticky":false,"template":"","format":"standard","meta":{"footnotes":""},"categories":[1],"tags":[],"class_list":["post-426","post","type-post","status-publish","format-standard","hentry","category-uncategorized"],"_links":{"self":[{"href":"https:\/\/szkolanr8.freekru.pl\/index.php?rest_route=\/wp\/v2\/posts\/426","targetHints":{"allow":["GET"]}}],"collection":[{"href":"https:\/\/szkolanr8.freekru.pl\/index.php?rest_route=\/wp\/v2\/posts"}],"about":[{"href":"https:\/\/szkolanr8.freekru.pl\/index.php?rest_route=\/wp\/v2\/types\/post"}],"author":[{"embeddable":true,"href":"https:\/\/szkolanr8.freekru.pl\/index.php?rest_route=\/wp\/v2\/users\/1"}],"replies":[{"embeddable":true,"href":"https:\/\/szkolanr8.freekru.pl\/index.php?rest_route=%2Fwp%2Fv2%2Fcomments&post=426"}],"version-history":[{"count":1,"href":"https:\/\/szkolanr8.freekru.pl\/index.php?rest_route=\/wp\/v2\/posts\/426\/revisions"}],"predecessor-version":[{"id":427,"href":"https:\/\/szkolanr8.freekru.pl\/index.php?rest_route=\/wp\/v2\/posts\/426\/revisions\/427"}],"wp:attachment":[{"href":"https:\/\/szkolanr8.freekru.pl\/index.php?rest_route=%2Fwp%2Fv2%2Fmedia&parent=426"}],"wp:term":[{"taxonomy":"category","embeddable":true,"href":"https:\/\/szkolanr8.freekru.pl\/index.php?rest_route=%2Fwp%2Fv2%2Fcategories&post=426"},{"taxonomy":"post_tag","embeddable":true,"href":"https:\/\/szkolanr8.freekru.pl\/index.php?rest_route=%2Fwp%2Fv2%2Ftags&post=426"}],"curies":[{"name":"wp","href":"https:\/\/api.w.org\/{rel}","templated":true}]}}