
{"id":436,"date":"2021-08-26T08:41:27","date_gmt":"2021-08-26T08:41:27","guid":{"rendered":"https:\/\/szkolanr8.freekru.pl\/?p=436"},"modified":"2021-08-26T08:52:31","modified_gmt":"2021-08-26T08:52:31","slug":"uroczyste-rozpoczecie-roku-szkolnego-2021-22","status":"publish","type":"post","link":"https:\/\/szkolanr8.freekru.pl\/?p=436","title":{"rendered":"Uroczyste rozpocz\u0119cie roku szkolnego 2021\/22"},"content":{"rendered":"\n<p>Szanowni Pa\u0144stwo, Drodzy Uczniowie, poni\u017cej znajduj\u0105 si\u0119 informacje dotycz\u0105ce uroczystego rozpocz\u0119cia roku szkolnego 2021\/22. Prosz\u0119 o zapoznanie si\u0119 z poni\u017cszymi informacjami. <\/p>\n\n\n\n<p><\/p>\n\n\n\n<p>1.09.2021 r. (\u015broda) <\/p>\n\n\n\n<p>Klasy VIII (s.gimn) i VII (balon) &#8211; g. 9.00<br>Klasy VI (s.gimn) i V (balon) -g. 9.30<br>Klasy IV (s.gimn) i III (balon) -g. 10.00<br>Klasy II (s.gimn) i I( balon) -g. 10.30<br>Klasy 0 (s.gimn) &#8211; g. 11.00<\/p>\n\n\n\n<p><\/p>\n\n\n\n<p>Pozdrawiamy, <\/p>\n\n\n\n<p>Mariola Bednarska<\/p>\n\n\n\n<p>Maciej Berner<\/p>\n\n\n\n<p>Kamil Urbaniak<\/p>\n\n\n\n<p>Ca\u0142e grono pedagogiczne Niepublicznej Szko\u0142y Podstawowej Nr 8 Im. Fryderyka Chopina <\/p>\n","protected":false},"excerpt":{"rendered":"<p>Szanowni Pa\u0144stwo, Drodzy Uczniowie, poni\u017cej znajduj\u0105 si\u0119 informacje dotycz\u0105ce uroczystego rozpocz\u0119cia roku szkolnego 2021\/22. Prosz\u0119 o zapoznanie si\u0119 z poni\u017cszymi informacjami. 1.09.2021 r. (\u015broda) Klasy VIII (s.gimn) i VII (balon) &#8211; g. 9.00Klasy VI (s.gimn) i V (balon) -g. 9.30Klasy IV (s.gimn) i III (balon) -g. 10.00Klasy II (s.gimn) i I( balon) -g. 10.30Klasy 0 [&hellip;]<\/p>\n","protected":false},"author":1,"featured_media":0,"comment_status":"open","ping_status":"open","sticky":false,"template":"","format":"standard","meta":{"footnotes":""},"categories":[1],"tags":[],"class_list":["post-436","post","type-post","status-publish","format-standard","hentry","category-uncategorized"],"_links":{"self":[{"href":"https:\/\/szkolanr8.freekru.pl\/index.php?rest_route=\/wp\/v2\/posts\/436","targetHints":{"allow":["GET"]}}],"collection":[{"href":"https:\/\/szkolanr8.freekru.pl\/index.php?rest_route=\/wp\/v2\/posts"}],"about":[{"href":"https:\/\/szkolanr8.freekru.pl\/index.php?rest_route=\/wp\/v2\/types\/post"}],"author":[{"embeddable":true,"href":"https:\/\/szkolanr8.freekru.pl\/index.php?rest_route=\/wp\/v2\/users\/1"}],"replies":[{"embeddable":true,"href":"https:\/\/szkolanr8.freekru.pl\/index.php?rest_route=%2Fwp%2Fv2%2Fcomments&post=436"}],"version-history":[{"count":2,"href":"https:\/\/szkolanr8.freekru.pl\/index.php?rest_route=\/wp\/v2\/posts\/436\/revisions"}],"predecessor-version":[{"id":438,"href":"https:\/\/szkolanr8.freekru.pl\/index.php?rest_route=\/wp\/v2\/posts\/436\/revisions\/438"}],"wp:attachment":[{"href":"https:\/\/szkolanr8.freekru.pl\/index.php?rest_route=%2Fwp%2Fv2%2Fmedia&parent=436"}],"wp:term":[{"taxonomy":"category","embeddable":true,"href":"https:\/\/szkolanr8.freekru.pl\/index.php?rest_route=%2Fwp%2Fv2%2Fcategories&post=436"},{"taxonomy":"post_tag","embeddable":true,"href":"https:\/\/szkolanr8.freekru.pl\/index.php?rest_route=%2Fwp%2Fv2%2Ftags&post=436"}],"curies":[{"name":"wp","href":"https:\/\/api.w.org\/{rel}","templated":true}]}}