
{"id":441,"date":"2021-08-30T15:31:41","date_gmt":"2021-08-30T15:31:41","guid":{"rendered":"https:\/\/szkolanr8.freekru.pl\/?p=441"},"modified":"2021-08-30T15:33:04","modified_gmt":"2021-08-30T15:33:04","slug":"441","status":"publish","type":"post","link":"https:\/\/szkolanr8.freekru.pl\/?p=441","title":{"rendered":"Szczepienia w szkole"},"content":{"rendered":"\n<figure class=\"wp-block-image size-full\"><img loading=\"lazy\" decoding=\"async\" width=\"890\" height=\"450\" src=\"https:\/\/szkolanr8.freekru.pl\/wp-content\/uploads\/2021\/08\/szczepienia.jpg\" alt=\"\" class=\"wp-image-443\" srcset=\"https:\/\/szkolanr8.freekru.pl\/wp-content\/uploads\/2021\/08\/szczepienia.jpg 890w, https:\/\/szkolanr8.freekru.pl\/wp-content\/uploads\/2021\/08\/szczepienia-300x152.jpg 300w, https:\/\/szkolanr8.freekru.pl\/wp-content\/uploads\/2021\/08\/szczepienia-768x388.jpg 768w\" sizes=\"auto, (max-width: 890px) 100vw, 890px\" \/><\/figure>\n\n\n\n<p><\/p>\n\n\n\n<p><\/p>\n\n\n\n<p><\/p>\n\n\n\n<p>Zapraszamy rodzic\u00f3w i opiekun\u00f3w prawnych do udzia\u0142u w webinariach\u00a0dotycz\u0105cych szczepie\u0144 przeciwko COVID-19 dzieci i m\u0142odzie\u017cy powy\u017cej 12-roku \u017cycia. Spotkania maj\u0105 charakter otwarty. Nie obowi\u0105zuj\u0105 zapisy.<br>W spotkaniach wezm\u0105 udzia\u0142:<\/p>\n\n\n\n<ul class=\"wp-block-list\"><li>dr Aneta G\u00f3rska &#8211; Kot &#8211; lekarz pediatra, ordynator oddzia\u0142u pediatrycznego Szpitala Dzieci\u0119cego im. prof. dr med. Jana Bogdanowicza<\/li><li>dr Pawe\u0142 Grzesiowski &#8211; lekarz pediatra, doktor nauk medycznych, ekspert Naczelnej Rady Lekarskiej ds. walki z COVID-19<\/li><\/ul>\n\n\n\n<p>Terminy spotka\u0144<\/p>\n\n\n\n<ul class=\"wp-block-list\"><li>30 sierpnia br. godz. 18.00 &#8211; webinaria dla rodzic\u00f3w z udzia\u0142em dr Paw\u0142a Grzesiowskiego &#8211; Webinar z t\u0142umaczem j\u0119zyka migowego&nbsp;<a href=\"https:\/\/teams.microsoft.com\/l\/meetup-join\/19%3ameeting_MzM5ZDM3NWEtZWVhNS00M2I0LTk0N2EtMjA5MmI4M2NkN2Yy%40thread.v2\/0?context=%7b%22Tid%22%3a%227fb57ac2-1267-4d8b-bd83-8a898116c90c%22%2c%22Oid%22%3a%22cf214bdb-5f4d-4ae1-9a5f-ee23f4a81fd3%22%2c%22IsBroadcastMeeting%22%3atrue%7d&amp;btype=a&amp;role=a\">Kliknij tutaj aby do\u0142\u0105czy\u0107 do spotkania<\/a><\/li><li>3 wrze\u015bnia br. godz. 18.00 webinaria dla rodzic\u00f3w z udzia\u0142em dr Anety G\u00f3rskiej-Kot &#8211; Webinar z t\u0142umaczem j\u0119zyka migowego&nbsp;<a href=\"https:\/\/teams.microsoft.com\/l\/meetup-join\/19%3ameeting_NTVmMTAwYWMtMTdlZC00ODkzLWExZTUtM2M0ZTJmYjg0MjVk%40thread.v2\/0?context=%7b%22Tid%22%3a%227fb57ac2-1267-4d8b-bd83-8a898116c90c%22%2c%22Oid%22%3a%22cf214bdb-5f4d-4ae1-9a5f-ee23f4a81fd3%22%2c%22IsBroadcastMeeting%22%3atrue%7d&amp;btype=a&amp;role=a\">Kliknij tutaj aby do\u0142\u0105czy\u0107 do spotkania<\/a><\/li><li>4 wrze\u015bnia br. godz. 18.00 webinaria dla rodzic\u00f3w z udzia\u0142em dr Anety G\u00f3rskiej-Kot &#8211; Webinar bez t\u0142umacza j\u0119zyka migowego.&nbsp;<a href=\"https:\/\/teams.microsoft.com\/l\/meetup-join\/19%3ameeting_MDNhMTdmOWItZDkzMC00ZWM0LTljZDMtNTNhMDc3NGYzOTk3%40thread.v2\/0?context=%7b%22Tid%22%3a%227fb57ac2-1267-4d8b-bd83-8a898116c90c%22%2c%22Oid%22%3a%22cf214bdb-5f4d-4ae1-9a5f-ee23f4a81fd3%22%2c%22IsBroadcastMeeting%22%3atrue%7d&amp;btype=a&amp;role=a\">Kliknij tutaj aby do\u0142\u0105czy\u0107 do spotkania<\/a><\/li><\/ul>\n\n\n\n<p>Zach\u0119camy do przes\u0142ania pyta\u0144 dotycz\u0105cych tematyki spotka\u0144.<br>Przes\u0142anie pyta\u0144 jest w pe\u0142ni zanimizowane, na pytania czekamy do 3 wrze\u015bnia.&nbsp;<a href=\"https:\/\/forms.office.com\/Pages\/ResponsePage.aspx?id=wnq1f2cSi029g4qJgRbJDNtLIc9NX-FKml_uI_SoH9NUQlMwSVc2S1daV0pETEdDQ0ZVMzdTVDhCMi4u\">Kliknij tutaj aby przes\u0142a\u0107 pytanie<\/a><\/p>\n\n\n\n<h3 class=\"wp-block-heading\">Dokumenty:<\/h3>\n\n\n\n<ul class=\"wp-block-list\"><li><a href=\"https:\/\/zsnr42.edu.pl\/wp-content\/uploads\/2021\/08\/Deklaracja_Szczepienia_uczniow_w_wieku_12_18-lat_deklaracja-checi-zaszczepienia.docx\"><strong>Deklaracja Szczepienia uczni\u00f3w w wieku 12-18 la<\/strong>t &#8211; deklaracja ch\u0119ci zaszczepienia (docx)<\/a><\/li><li><a href=\"https:\/\/zsnr42.edu.pl\/wp-content\/uploads\/2021\/08\/Deklaracja_Szczepienia_uczniow_w_wieku_12_18-lat_deklaracja-checi-zaszczepienia.docx\"><strong>Kwestionariusz wst\u0119pnego wywiadu przesiewowego<\/strong>&nbsp;przed szczepieniem osoby&nbsp;<strong>doros\u0142ej<\/strong>&nbsp;przeciw COVID-19 PDF<\/a><\/li><li><a href=\"https:\/\/zsnr42.edu.pl\/wp-content\/uploads\/2021\/08\/Kwestionariusz_wstepnego_wywiadu_przesiewowego_przed_szczepieniem_osoby_niepelnoletniej_przeciw_COVID-19.pdf\"><strong>Kwestionariusz wst\u0119pnego wywiadu przesiewowego<\/strong>&nbsp;przed szczepieniem osoby&nbsp;<strong>niepe\u0142noletniej<\/strong>&nbsp;przeciw COVID-19<\/a><\/li><li><a href=\"https:\/\/zsnr42.edu.pl\/wp-content\/uploads\/2021\/08\/List_Ministra_Zdrowia.pdf\">List Ministra Zdrowia<\/a><\/li><li><a href=\"https:\/\/zsnr42.edu.pl\/wp-content\/uploads\/2021\/08\/List_Zastepcy_Prezydenta_m.st_._Warszawy_do_rodzicow_mlodziezy_powyzej_12_go_roku_zycia.pdf\">List Zast\u0119pcy Prezydenta m.st. Warszawy do rodzic\u00f3w m\u0142odzie\u017cy powy\u017cej 12-go roku \u017cycia<\/a><\/li><li><a href=\"https:\/\/zsnr42.edu.pl\/wp-content\/uploads\/2021\/08\/szczepieniaprofilaktykachorobazakaznychmaterialyedukacyjne.pdf\"><strong>Szczepienia profilaktyka chor\u00f3b zaka\u017anych<\/strong>&nbsp;&#8211; materia\u0142y edukacyjne &#8211; ksi\u0105\u017cka PDF<\/a><\/li><\/ul>\n","protected":false},"excerpt":{"rendered":"<p>Zapraszamy rodzic\u00f3w i opiekun\u00f3w prawnych do udzia\u0142u w webinariach\u00a0dotycz\u0105cych szczepie\u0144 przeciwko COVID-19 dzieci i m\u0142odzie\u017cy powy\u017cej 12-roku \u017cycia. Spotkania maj\u0105 charakter otwarty. Nie obowi\u0105zuj\u0105 zapisy.W spotkaniach wezm\u0105 udzia\u0142: dr Aneta G\u00f3rska &#8211; Kot &#8211; lekarz pediatra, ordynator oddzia\u0142u pediatrycznego Szpitala Dzieci\u0119cego im. prof. dr med. Jana Bogdanowicza dr Pawe\u0142 Grzesiowski &#8211; lekarz pediatra, doktor nauk [&hellip;]<\/p>\n","protected":false},"author":1,"featured_media":0,"comment_status":"open","ping_status":"open","sticky":false,"template":"","format":"standard","meta":{"footnotes":""},"categories":[1],"tags":[],"class_list":["post-441","post","type-post","status-publish","format-standard","hentry","category-uncategorized"],"_links":{"self":[{"href":"https:\/\/szkolanr8.freekru.pl\/index.php?rest_route=\/wp\/v2\/posts\/441","targetHints":{"allow":["GET"]}}],"collection":[{"href":"https:\/\/szkolanr8.freekru.pl\/index.php?rest_route=\/wp\/v2\/posts"}],"about":[{"href":"https:\/\/szkolanr8.freekru.pl\/index.php?rest_route=\/wp\/v2\/types\/post"}],"author":[{"embeddable":true,"href":"https:\/\/szkolanr8.freekru.pl\/index.php?rest_route=\/wp\/v2\/users\/1"}],"replies":[{"embeddable":true,"href":"https:\/\/szkolanr8.freekru.pl\/index.php?rest_route=%2Fwp%2Fv2%2Fcomments&post=441"}],"version-history":[{"count":2,"href":"https:\/\/szkolanr8.freekru.pl\/index.php?rest_route=\/wp\/v2\/posts\/441\/revisions"}],"predecessor-version":[{"id":444,"href":"https:\/\/szkolanr8.freekru.pl\/index.php?rest_route=\/wp\/v2\/posts\/441\/revisions\/444"}],"wp:attachment":[{"href":"https:\/\/szkolanr8.freekru.pl\/index.php?rest_route=%2Fwp%2Fv2%2Fmedia&parent=441"}],"wp:term":[{"taxonomy":"category","embeddable":true,"href":"https:\/\/szkolanr8.freekru.pl\/index.php?rest_route=%2Fwp%2Fv2%2Fcategories&post=441"},{"taxonomy":"post_tag","embeddable":true,"href":"https:\/\/szkolanr8.freekru.pl\/index.php?rest_route=%2Fwp%2Fv2%2Ftags&post=441"}],"curies":[{"name":"wp","href":"https:\/\/api.w.org\/{rel}","templated":true}]}}