
{"id":546,"date":"2022-01-26T13:18:46","date_gmt":"2022-01-26T13:18:46","guid":{"rendered":"https:\/\/szkolanr8.freekru.pl\/?p=546"},"modified":"2022-01-26T13:18:46","modified_gmt":"2022-01-26T13:18:46","slug":"nauka-zdalna-od-27-stycznia","status":"publish","type":"post","link":"https:\/\/szkolanr8.freekru.pl\/?p=546","title":{"rendered":"Nauka zdalna od 27 stycznia"},"content":{"rendered":"\n<p>Szanowni Pa\u0144stwo, Drodzy Uczniowie, <\/p>\n\n\n\n<p>zgodnie z informacjami, kt\u00f3re wczoraj, tj. 25 styczna przekaza\u0142 minister Czarnek &#8211; od czwartku, 27 stycznia do 27 lutego br. wszyscy uczniowie klas 5-8 szk\u00f3\u0142 podstawowych\u00a0 b\u0119d\u0105 mieli zaj\u0119cia w formie zdalnej. B\u0119dzie mo\u017cliwo\u015b\u0107 konsultacji indywidualnych i grupowych dla uczni\u00f3w zdaj\u0105cych w tym roku egzaminy \u00f3smoklasisty.\u00a0Klasy 0 &#8211; 4 b\u0119d\u0105 realizowa\u0142y nauk\u0119 w formie stacjonarnej. <br><\/p>\n\n\n\n<p>Czekam na rozporz\u0105dzenie w tej sprawie &#8211; ma by\u0107 podpisane dzi\u015b &#8211; wtedy wydam zarz\u0105dzenie dyrektora szko\u0142y dotycz\u0105ce nauczania zdalnego. Natomiast na chwil\u0119 obecn\u0105 &#8211;<br>-od jutra przechodzimy na nauk\u0119 za po\u015brednictwem Teams,<br>-pozostaje w mocy tygodniowy plan zaj\u0119\u0107;<br>&#8211; na okres nauczania zdalnego w zakresie monitorowania post\u0119p\u00f3w uczni\u00f3w oraz weryfikowania ich wiedzy i umiej\u0119tno\u015bci stosuje si\u0119 zapisy Wewn\u0105trzszkolnego Oceniania;<br>&#8211; w czasie trwania nauki zdalnej nie wolno organizowa\u0107 \u017cadnych wyj\u015b\u0107 grupowych;<br>&#8211; nauk\u0119 zdaln\u0105 realizujemy w dniach 27-28 stycznia 2022 oraz po feriach od 14 do 25 lutego 2022r.<br><\/p>\n\n\n\n<p>Pozdrawiam serdecznie,\u00a0<\/p>\n\n\n\n<p>Mariola Bednarska\u00a0<\/p>\n","protected":false},"excerpt":{"rendered":"<p>Szanowni Pa\u0144stwo, Drodzy Uczniowie, zgodnie z informacjami, kt\u00f3re wczoraj, tj. 25 styczna przekaza\u0142 minister Czarnek &#8211; od czwartku, 27 stycznia do 27 lutego br. wszyscy uczniowie klas 5-8 szk\u00f3\u0142 podstawowych\u00a0 b\u0119d\u0105 mieli zaj\u0119cia w formie zdalnej. B\u0119dzie mo\u017cliwo\u015b\u0107 konsultacji indywidualnych i grupowych dla uczni\u00f3w zdaj\u0105cych w tym roku egzaminy \u00f3smoklasisty.\u00a0Klasy 0 &#8211; 4 b\u0119d\u0105 realizowa\u0142y [&hellip;]<\/p>\n","protected":false},"author":9,"featured_media":0,"comment_status":"open","ping_status":"open","sticky":false,"template":"","format":"standard","meta":{"footnotes":""},"categories":[1],"tags":[],"class_list":["post-546","post","type-post","status-publish","format-standard","hentry","category-uncategorized"],"_links":{"self":[{"href":"https:\/\/szkolanr8.freekru.pl\/index.php?rest_route=\/wp\/v2\/posts\/546","targetHints":{"allow":["GET"]}}],"collection":[{"href":"https:\/\/szkolanr8.freekru.pl\/index.php?rest_route=\/wp\/v2\/posts"}],"about":[{"href":"https:\/\/szkolanr8.freekru.pl\/index.php?rest_route=\/wp\/v2\/types\/post"}],"author":[{"embeddable":true,"href":"https:\/\/szkolanr8.freekru.pl\/index.php?rest_route=\/wp\/v2\/users\/9"}],"replies":[{"embeddable":true,"href":"https:\/\/szkolanr8.freekru.pl\/index.php?rest_route=%2Fwp%2Fv2%2Fcomments&post=546"}],"version-history":[{"count":1,"href":"https:\/\/szkolanr8.freekru.pl\/index.php?rest_route=\/wp\/v2\/posts\/546\/revisions"}],"predecessor-version":[{"id":547,"href":"https:\/\/szkolanr8.freekru.pl\/index.php?rest_route=\/wp\/v2\/posts\/546\/revisions\/547"}],"wp:attachment":[{"href":"https:\/\/szkolanr8.freekru.pl\/index.php?rest_route=%2Fwp%2Fv2%2Fmedia&parent=546"}],"wp:term":[{"taxonomy":"category","embeddable":true,"href":"https:\/\/szkolanr8.freekru.pl\/index.php?rest_route=%2Fwp%2Fv2%2Fcategories&post=546"},{"taxonomy":"post_tag","embeddable":true,"href":"https:\/\/szkolanr8.freekru.pl\/index.php?rest_route=%2Fwp%2Fv2%2Ftags&post=546"}],"curies":[{"name":"wp","href":"https:\/\/api.w.org\/{rel}","templated":true}]}}