
{"id":559,"date":"2022-01-27T19:06:50","date_gmt":"2022-01-27T19:06:50","guid":{"rendered":"https:\/\/szkolanr8.freekru.pl\/?p=559"},"modified":"2022-01-27T19:08:10","modified_gmt":"2022-01-27T19:08:10","slug":"zarzadzenie-nr-12-2021-2022","status":"publish","type":"post","link":"https:\/\/szkolanr8.freekru.pl\/?p=559","title":{"rendered":"Zarz\u0105dzenie Nr  12\/2021\/2022"},"content":{"rendered":"\n<p>Szanowni Pa\u0144stwo, Drodzy Uczniowie w za\u0142\u0105czniku znajduje si\u0119 zarz\u0105dzenie dyrektora Niepublicznej Szko\u0142y Podstawowej Nr 8 Im. Fryderyka Chopina w sprawie nauki zdalnej od 27 stycznia 2022 r do 27 lutego 2022 r  (Z wy\u0142\u0105czeniem okresu ferii zimowych tj. od 31.01 do 13.02.2022 r).  Zaj\u0119cia b\u0119d\u0105 realizowane na platformie Microsoft Teams. Prosz\u0119 o zapoznanie si\u0119 z poni\u017cszym zarz\u0105dzeniem.<\/p>\n\n\n\n<p>Pozdrawiamy serdecznie,<\/p>\n\n\n\n<p>Dyrekcja i Grono pedagogiczne Niepublicznej Szko\u0142y Podstawowej Nr 8 Im. Fryderyka Chopina<\/p>\n\n\n\n<p><\/p>\n\n\n\n<div data-wp-interactive=\"core\/file\" class=\"wp-block-file\"><object data-wp-bind--hidden=\"!state.hasPdfPreview\" hidden class=\"wp-block-file__embed\" data=\"https:\/\/szkolanr8.freekru.pl\/wp-content\/uploads\/2022\/01\/Zarzadzenie-nr-12-w-sprawie-nauki-zdalnej.pdf\" type=\"application\/pdf\" style=\"width:100%;height:600px\" aria-label=\"Osadzone z Osadzone z Zarzadzenie-nr-12-w-sprawie-nauki-zdalnej..\"><\/object><a id=\"wp-block-file--media-674deab3-192f-4f84-b5b0-b6a8d23ac184\" href=\"https:\/\/szkolanr8.freekru.pl\/wp-content\/uploads\/2022\/01\/Zarzadzenie-nr-12-w-sprawie-nauki-zdalnej.pdf\">Zarzadzenie-nr-12-w-sprawie-nauki-zdalnej<\/a><a href=\"https:\/\/szkolanr8.freekru.pl\/wp-content\/uploads\/2022\/01\/Zarzadzenie-nr-12-w-sprawie-nauki-zdalnej.pdf\" class=\"wp-block-file__button\" download aria-describedby=\"wp-block-file--media-674deab3-192f-4f84-b5b0-b6a8d23ac184\">Pobierz<\/a><\/div>\n","protected":false},"excerpt":{"rendered":"<p>Szanowni Pa\u0144stwo, Drodzy Uczniowie w za\u0142\u0105czniku znajduje si\u0119 zarz\u0105dzenie dyrektora Niepublicznej Szko\u0142y Podstawowej Nr 8 Im. Fryderyka Chopina w sprawie nauki zdalnej od 27 stycznia 2022 r do 27 lutego 2022 r (Z wy\u0142\u0105czeniem okresu ferii zimowych tj. od 31.01 do 13.02.2022 r). Zaj\u0119cia b\u0119d\u0105 realizowane na platformie Microsoft Teams. Prosz\u0119 o zapoznanie si\u0119 z [&hellip;]<\/p>\n","protected":false},"author":1,"featured_media":0,"comment_status":"open","ping_status":"open","sticky":false,"template":"","format":"standard","meta":{"footnotes":""},"categories":[26],"tags":[],"class_list":["post-559","post","type-post","status-publish","format-standard","hentry","category-zarzadzenia"],"_links":{"self":[{"href":"https:\/\/szkolanr8.freekru.pl\/index.php?rest_route=\/wp\/v2\/posts\/559","targetHints":{"allow":["GET"]}}],"collection":[{"href":"https:\/\/szkolanr8.freekru.pl\/index.php?rest_route=\/wp\/v2\/posts"}],"about":[{"href":"https:\/\/szkolanr8.freekru.pl\/index.php?rest_route=\/wp\/v2\/types\/post"}],"author":[{"embeddable":true,"href":"https:\/\/szkolanr8.freekru.pl\/index.php?rest_route=\/wp\/v2\/users\/1"}],"replies":[{"embeddable":true,"href":"https:\/\/szkolanr8.freekru.pl\/index.php?rest_route=%2Fwp%2Fv2%2Fcomments&post=559"}],"version-history":[{"count":2,"href":"https:\/\/szkolanr8.freekru.pl\/index.php?rest_route=\/wp\/v2\/posts\/559\/revisions"}],"predecessor-version":[{"id":562,"href":"https:\/\/szkolanr8.freekru.pl\/index.php?rest_route=\/wp\/v2\/posts\/559\/revisions\/562"}],"wp:attachment":[{"href":"https:\/\/szkolanr8.freekru.pl\/index.php?rest_route=%2Fwp%2Fv2%2Fmedia&parent=559"}],"wp:term":[{"taxonomy":"category","embeddable":true,"href":"https:\/\/szkolanr8.freekru.pl\/index.php?rest_route=%2Fwp%2Fv2%2Fcategories&post=559"},{"taxonomy":"post_tag","embeddable":true,"href":"https:\/\/szkolanr8.freekru.pl\/index.php?rest_route=%2Fwp%2Fv2%2Ftags&post=559"}],"curies":[{"name":"wp","href":"https:\/\/api.w.org\/{rel}","templated":true}]}}