
{"id":582,"date":"2022-03-22T18:43:34","date_gmt":"2022-03-22T18:43:34","guid":{"rendered":"https:\/\/szkolanr8.freekru.pl\/?p=582"},"modified":"2022-03-22T18:43:35","modified_gmt":"2022-03-22T18:43:35","slug":"niektorzy-lubia-poezje-narysuj-lub-sfilmuj-wiersz","status":"publish","type":"post","link":"https:\/\/szkolanr8.freekru.pl\/?p=582","title":{"rendered":"Niekt\u00f3rzy lubi\u0105 poezj\u0119. Narysuj lub sfilmuj wiersz."},"content":{"rendered":"\n<p><em>Niekt\u00f3rzy<\/em><em> <\/em><em>&#8211;<br>czyli<\/em><em> <\/em><em>nie<\/em><em> <\/em><em>wszyscy.<br>Nawet<\/em><em> <\/em><em>nie<\/em><em> <\/em><em>wi\u0119kszo\u015b\u0107<\/em><em> <\/em><em>wszystkich<\/em><em> <\/em><em>ale<\/em><em> <\/em><em>mniejszo\u015b\u0107.<br>Nie<\/em><em> <\/em><em>licz\u0105c<\/em><em> <\/em><em>szk\u00f3\u0142,<\/em><em> <\/em><em>gdzie<\/em><em> <\/em><em>si\u0119<\/em><em> <\/em><em>musi,<br>i<\/em><em> <\/em><em>samych<\/em><em> <\/em><em>poet\u00f3w,<br>b\u0119dzie<\/em><em> <\/em><em>tych<\/em><em> <\/em><em>os\u00f3b<\/em><em> <\/em><em>chyba<\/em><em> <\/em><em>dwie<\/em><em> <\/em><em>na<\/em><em> <\/em><em>tysi\u0105c.<\/em><em><\/em><\/p>\n\n\n\n<p><strong>Zapraszamy<\/strong><strong> <\/strong><strong>wszystkich<\/strong><strong> <\/strong><strong>uczni\u00f3w<\/strong><strong> <\/strong><strong>(tych,<\/strong><strong> <\/strong><strong>kt\u00f3rzy<\/strong><strong> <\/strong><strong>lubi\u0105<\/strong><strong> <\/strong><strong>poezj\u0119<\/strong><strong> <\/strong><strong>oraz<\/strong><strong> <\/strong><strong>tych,<\/strong><strong> <\/strong><strong>kt\u00f3rzy<\/strong><strong> <\/strong><strong>nie<\/strong><strong> <\/strong><strong>lubi\u0105<\/strong><strong> <\/strong><strong>poezji)<\/strong><strong> <\/strong><strong>do<\/strong><strong> <\/strong><strong>aktywno\u015bci<\/strong><strong> <\/strong><strong>tw\u00f3rczej!<\/strong><\/p>\n\n\n\n<p><strong>21 marca obchodzony jest na \u015awiatowy Dzie\u0144 Poezji ustanowiony w roku 1999 przez UNESCO.<\/strong><\/p>\n\n\n\n<p><strong>Co mo\u017cesz zrobi\u0107? <\/strong><strong>&nbsp;<\/strong><strong>N<\/strong><strong>arysuj<\/strong><strong> <\/strong><strong>lub<\/strong><strong> <\/strong><strong>sfilmuj<\/strong><strong> <\/strong><strong>wiersz!<\/strong><\/p>\n\n\n\n<p>Zilustrujcie wybrany przez siebie wiersz&nbsp; spo\u015br\u00f3d wymienionych tw\u00f3rc\u00f3w:&nbsp;<\/p>\n\n\n\n<ol class=\"wp-block-list\" type=\"1\"><li>Krzysztof Kamil Baczy\u0144ski<\/li><li>Stanis\u0142aw Bara\u0144czak<\/li><li>W\u0142adys\u0142aw Be\u0142za<\/li><li>Jan Brzechwa<\/li><li>Konstanty Ildefons Ga\u0142czy\u0144ski<\/li><li>Marian Hemar<\/li><li>Zbigniew Herbert<\/li><li>Anna Kamie\u0144ska<\/li><li>Jan Kochanowski<\/li><li>Joanna Kulmowa<\/li><li>aforyzmy Stanis\u0142awa Jerzego Leca<\/li><li>Jan Lecho\u0144<\/li><li>Boles\u0142aw Le\u015bmian<\/li><li>Jerzy Liebert<\/li><li>Adam Mickiewicz<\/li><li>Czes\u0142aw Mi\u0142osz<\/li><li>Cyprian Norwid<\/li><li>Tadeusz R\u00f3\u017cewicz<\/li><li>Jaros\u0142aw Marek Rymkiewicz<\/li><li>Juliusz S\u0142owacki<\/li><li>Leopold Staff<\/li><li>fraszki Jana Sztaudyngera<\/li><li>Wis\u0142awa Szymborska<\/li><li>Julian Tuwim<\/li><li>Jan Twardowski<\/li><li>Danuta Wawi\u0142ow<\/li><li>Kazimierz Wierzy\u0144ski<\/li><\/ol>\n\n\n\n<p>Jako \u017ar\u00f3d\u0142o poszukiwania wierszy polecamy antologi\u0119 \u201ePo schodach wierszy\u201d, ale \u015bmia\u0142o przejrzyjcie te\u017c podr\u0119czniki od polskiego, p\u00f3\u0142ki z ksi\u0105\u017ckami w domu lub odwied\u017acie szkoln\u0105 bibliotek\u0119. Mo\u017cecie te\u017c poprosi\u0107 o podpowied\u017a nauczyciela od polskiego:)<\/p>\n\n\n\n<p><strong>Kategoria tematyczna:<\/strong><\/p>\n\n\n\n<p><strong>1)<\/strong><strong> ilustracja wiersza &#8211; <\/strong><strong>technika<\/strong><strong> <\/strong><strong>dowolna;<\/strong><strong> <\/strong><strong>format<\/strong><strong>&nbsp; dowolny, <\/strong><strong>min.<\/strong><strong> <\/strong><strong>a4<\/strong><strong> <\/strong><strong><\/strong><\/p>\n\n\n\n<p><strong>2)<\/strong><strong> <\/strong><strong>kr\u00f3tka etiuda<\/strong><strong> <\/strong><strong>filmowa \u2013 animacja, prezentacja itp.<\/strong><strong> ilustruj\u0105ca tre\u015b\u0107 wiersza <\/strong><strong>(maks.<\/strong><strong> <\/strong><strong>5<\/strong><strong> <\/strong><strong>min)<\/strong><\/p>\n\n\n\n<p><strong>Termin<\/strong><strong> <\/strong><strong>sk\u0142adania<\/strong><strong> <\/strong><strong>prac:<\/strong><strong> 22<\/strong><strong>.04.2022<\/strong><strong> <\/strong><strong>r.<\/strong><strong> <\/strong><strong><\/strong><\/p>\n\n\n\n<p><strong>Cele konkursu<\/strong>: Zach\u0119cenie dzieci i m\u0142odzie\u017cy do podejmowania wyzwa\u0144 i kreatywnego my\u015blenia oraz dzia\u0142ania, do czytania poezji, odkrywanie talent\u00f3w w\u015br\u00f3d uczni\u00f3w naszej szko\u0142y.<\/p>\n\n\n\n<p>Prace konkursowe mo\u017cna przys\u0142a\u0107 w wersji elektronicznej do pani Gra\u017cyny Palczewskiej: <strong>grazyna.palczewska@szkolanr8.freekru.pl<\/strong>, w temacie maila nale\u017cy wpisa\u0107:<\/p>\n\n\n\n<p>Konkurs, imi\u0119 i nazwisko oraz klasa<\/p>\n\n\n\n<p>Prac\u0119 mo\u017cna przekaza\u0107 do biblioteki do pani Ma\u0142gorzaty Karpi\u0144skiej lub przynie\u015b\u0107 do sali 6.<\/p>\n\n\n\n<p>Konkurs ma zasi\u0119g szkolny i skierowany jest do wszystkich uczni\u00f3w.<\/p>\n\n\n\n<p><strong>NAGRODY<\/strong><strong><\/strong><\/p>\n\n\n\n<p><strong>Niezale\u017cne Jury nagrodzi prace w<\/strong><strong> <\/strong><strong>ka\u017cdej<\/strong><strong> <\/strong><strong>kategorii<\/strong><strong> <\/strong><strong>wiekowej (kl. 1-3, kl. 4-6 oraz kl. 7-8)<\/strong><strong> <\/strong><strong>i<\/strong><strong> <\/strong><strong>tematycznej. Przyzna nagrody g\u0142\u00f3wne i wyr\u00f3\u017cnienia<\/strong><strong>. <\/strong><strong><\/strong><\/p>\n\n\n\n<p><strong>Nagrodami b\u0119d\u0105 dyplomy, vouchery upominkowe, ksi\u0105\u017cki lub inne nagrody rzeczowe.<\/strong><strong><\/strong><\/p>\n\n\n\n<p><strong>Koordynatorzy konkursu<\/strong><\/p>\n\n\n\n<p>Gra\u017cyna Palczewska <\/p>\n\n\n\n<p>Ma\u0142gorzata Karpi\u0144ska <\/p>\n\n\n\n<p>Kamil Urbaniak <\/p>\n","protected":false},"excerpt":{"rendered":"<p>Niekt\u00f3rzy &#8211;czyli nie wszyscy.Nawet nie wi\u0119kszo\u015b\u0107 wszystkich ale mniejszo\u015b\u0107.Nie licz\u0105c szk\u00f3\u0142, gdzie si\u0119 musi,i samych poet\u00f3w,b\u0119dzie tych os\u00f3b chyba dwie na tysi\u0105c. Zapraszamy wszystkich uczni\u00f3w (tych, kt\u00f3rzy lubi\u0105 poezj\u0119 oraz tych, kt\u00f3rzy nie lubi\u0105 poezji) do aktywno\u015bci tw\u00f3rczej! 21 marca obchodzony jest na \u015awiatowy Dzie\u0144 Poezji ustanowiony w roku 1999 przez UNESCO. Co mo\u017cesz zrobi\u0107? [&hellip;]<\/p>\n","protected":false},"author":1,"featured_media":583,"comment_status":"open","ping_status":"open","sticky":false,"template":"","format":"standard","meta":{"footnotes":""},"categories":[25],"tags":[],"class_list":["post-582","post","type-post","status-publish","format-standard","has-post-thumbnail","hentry","category-konkursy"],"_links":{"self":[{"href":"https:\/\/szkolanr8.freekru.pl\/index.php?rest_route=\/wp\/v2\/posts\/582","targetHints":{"allow":["GET"]}}],"collection":[{"href":"https:\/\/szkolanr8.freekru.pl\/index.php?rest_route=\/wp\/v2\/posts"}],"about":[{"href":"https:\/\/szkolanr8.freekru.pl\/index.php?rest_route=\/wp\/v2\/types\/post"}],"author":[{"embeddable":true,"href":"https:\/\/szkolanr8.freekru.pl\/index.php?rest_route=\/wp\/v2\/users\/1"}],"replies":[{"embeddable":true,"href":"https:\/\/szkolanr8.freekru.pl\/index.php?rest_route=%2Fwp%2Fv2%2Fcomments&post=582"}],"version-history":[{"count":1,"href":"https:\/\/szkolanr8.freekru.pl\/index.php?rest_route=\/wp\/v2\/posts\/582\/revisions"}],"predecessor-version":[{"id":584,"href":"https:\/\/szkolanr8.freekru.pl\/index.php?rest_route=\/wp\/v2\/posts\/582\/revisions\/584"}],"wp:featuredmedia":[{"embeddable":true,"href":"https:\/\/szkolanr8.freekru.pl\/index.php?rest_route=\/wp\/v2\/media\/583"}],"wp:attachment":[{"href":"https:\/\/szkolanr8.freekru.pl\/index.php?rest_route=%2Fwp%2Fv2%2Fmedia&parent=582"}],"wp:term":[{"taxonomy":"category","embeddable":true,"href":"https:\/\/szkolanr8.freekru.pl\/index.php?rest_route=%2Fwp%2Fv2%2Fcategories&post=582"},{"taxonomy":"post_tag","embeddable":true,"href":"https:\/\/szkolanr8.freekru.pl\/index.php?rest_route=%2Fwp%2Fv2%2Ftags&post=582"}],"curies":[{"name":"wp","href":"https:\/\/api.w.org\/{rel}","templated":true}]}}