
{"id":616,"date":"2022-08-31T07:07:35","date_gmt":"2022-08-31T07:07:35","guid":{"rendered":"https:\/\/szkolanr8.freekru.pl\/?p=616"},"modified":"2022-08-31T07:07:37","modified_gmt":"2022-08-31T07:07:37","slug":"rozpoczecie-roku-szkolnego-2022-2023","status":"publish","type":"post","link":"https:\/\/szkolanr8.freekru.pl\/?p=616","title":{"rendered":"Rozpocz\u0119cie roku szkolnego 2022\/2023"},"content":{"rendered":"\n<p>Uroczyste rozpocz\u0119cie roku szkolnego 2022\/2023 dla uczni\u00f3w klas 0 &#8211; 3 Niepublicznej Szko\u0142y Podstawowej Nr 8 Im. Fryderyka Chopina i ich rodzic\u00f3w odb\u0119dzie si\u0119 dnia 01.09.2022r. o godz. 9.00 na hali przyszkolnej. Natomiast klasy 4 \u2013 8 Niepublicznej Szko\u0142y Podstawowej Nr 8 Im. Fryderyka Chopina spotykaj\u0105 si\u0119 w salach z wychowawcami o godzinie 10.00.<\/p>\n\n\n\n<p><strong>Przydzia\u0142 klas 4 \u2013 8 do wychowawc\u00f3w w roku szkolnym 2022\/2023:<\/strong><\/p>\n\n\n\n<p>Klasa 4 A \u2013 wychowawca: H. Sobczak<\/p>\n\n\n\n<p>Klasa 4 B \u2013 wychowawca: P. D\u0119bski<\/p>\n\n\n\n<p>Klasa 4 C \u2013 wychowawca: B. Brzezi\u0144ski<\/p>\n\n\n\n<p>Klasa 5 A &nbsp;\u2013 wychowawca: N. Markiewicz<\/p>\n\n\n\n<p>Klasa 5 B \u2013 wychowawca : E. Pawlak<\/p>\n\n\n\n<p>Klasa 5 C &nbsp;\u2013 wychowawca: M. Andrzejewska<\/p>\n\n\n\n<p>Klasa 6 A &nbsp;&#8211; wychowawca: K. Urbaniak<\/p>\n\n\n\n<p>Klasa 6 B \u2013 wychowawca: B. Szmyk<\/p>\n\n\n\n<p>Klasa 6 C \u2013 wychowawca: Z. Tomczak<\/p>\n\n\n\n<p>Klasa 7 A \u2013 wychowawca: W. Nowicka<\/p>\n\n\n\n<p>Klasa 7 B &nbsp;\u2013 wychowawca: J. Nowak<\/p>\n\n\n\n<p>Klasa 7 C&nbsp; \u2013 wychowawca: J. Romanowski<\/p>\n\n\n\n<p>Klasa 8 A&nbsp; \u2013 wychowawca: K. Wr\u00f3bel<\/p>\n\n\n\n<p>Klasa 8 B&nbsp; \u2013 wychowawca: A. Klimek<\/p>\n\n\n\n<p>Klasa 8 C \u2013 wychowawca: E. Zi\u00f3\u0142kowski<\/p>\n","protected":false},"excerpt":{"rendered":"<p>Uroczyste rozpocz\u0119cie roku szkolnego 2022\/2023 dla uczni\u00f3w klas 0 &#8211; 3 Niepublicznej Szko\u0142y Podstawowej Nr 8 Im. Fryderyka Chopina i ich rodzic\u00f3w odb\u0119dzie si\u0119 dnia 01.09.2022r. o godz. 9.00 na hali przyszkolnej. Natomiast klasy 4 \u2013 8 Niepublicznej Szko\u0142y Podstawowej Nr 8 Im. Fryderyka Chopina spotykaj\u0105 si\u0119 w salach z wychowawcami o godzinie 10.00. Przydzia\u0142 [&hellip;]<\/p>\n","protected":false},"author":1,"featured_media":617,"comment_status":"open","ping_status":"open","sticky":false,"template":"","format":"standard","meta":{"footnotes":""},"categories":[1],"tags":[],"class_list":["post-616","post","type-post","status-publish","format-standard","has-post-thumbnail","hentry","category-uncategorized"],"_links":{"self":[{"href":"https:\/\/szkolanr8.freekru.pl\/index.php?rest_route=\/wp\/v2\/posts\/616","targetHints":{"allow":["GET"]}}],"collection":[{"href":"https:\/\/szkolanr8.freekru.pl\/index.php?rest_route=\/wp\/v2\/posts"}],"about":[{"href":"https:\/\/szkolanr8.freekru.pl\/index.php?rest_route=\/wp\/v2\/types\/post"}],"author":[{"embeddable":true,"href":"https:\/\/szkolanr8.freekru.pl\/index.php?rest_route=\/wp\/v2\/users\/1"}],"replies":[{"embeddable":true,"href":"https:\/\/szkolanr8.freekru.pl\/index.php?rest_route=%2Fwp%2Fv2%2Fcomments&post=616"}],"version-history":[{"count":1,"href":"https:\/\/szkolanr8.freekru.pl\/index.php?rest_route=\/wp\/v2\/posts\/616\/revisions"}],"predecessor-version":[{"id":618,"href":"https:\/\/szkolanr8.freekru.pl\/index.php?rest_route=\/wp\/v2\/posts\/616\/revisions\/618"}],"wp:featuredmedia":[{"embeddable":true,"href":"https:\/\/szkolanr8.freekru.pl\/index.php?rest_route=\/wp\/v2\/media\/617"}],"wp:attachment":[{"href":"https:\/\/szkolanr8.freekru.pl\/index.php?rest_route=%2Fwp%2Fv2%2Fmedia&parent=616"}],"wp:term":[{"taxonomy":"category","embeddable":true,"href":"https:\/\/szkolanr8.freekru.pl\/index.php?rest_route=%2Fwp%2Fv2%2Fcategories&post=616"},{"taxonomy":"post_tag","embeddable":true,"href":"https:\/\/szkolanr8.freekru.pl\/index.php?rest_route=%2Fwp%2Fv2%2Ftags&post=616"}],"curies":[{"name":"wp","href":"https:\/\/api.w.org\/{rel}","templated":true}]}}