
{"id":725,"date":"2023-03-24T17:41:25","date_gmt":"2023-03-24T17:41:25","guid":{"rendered":"https:\/\/szkolanr8.freekru.pl\/?p=725"},"modified":"2023-03-24T17:41:26","modified_gmt":"2023-03-24T17:41:26","slug":"rekolekcje-wielkopostne-2","status":"publish","type":"post","link":"https:\/\/szkolanr8.freekru.pl\/?p=725","title":{"rendered":"Rekolekcje Wielkopostne"},"content":{"rendered":"\n<h4 class=\"wp-block-heading\">W dniach\u00a0<strong>27 &#8211; 29 marca<\/strong> odb\u0119d\u0105 si\u0119\u00a0<strong>Rekolekcje Wielkopostne<\/strong>\u00a0dla uczni\u00f3w klas\u00a0<strong>I-III<\/strong>\u00a0i\u00a0<strong>IV-VIII<\/strong>.<\/h4>\n\n\n\n<h4 class=\"wp-block-heading\">W tych dniach (poniedzia\u0142ek &#8211; \u015broda) uczniowie\u00a0<strong>klas I-III<\/strong>\u00a0wraz z nauczycielami przejd\u0105 na rekolekcje na godz. 10.00. Uczniowie, kt\u00f3rzy nie ucz\u0119szczaj\u0105 na zaj\u0119cia z religii zostaj\u0105 pod opiek\u0105 wychowawc\u00f3w \u015bwietlicy. Klasy wracaj\u0105 na ok. godz. 11.00 do szko\u0142y, na obiad, nast\u0119pnie zaj\u0119cia odbywaj\u0105 si\u0119 wed\u0142ug planu.<\/h4>\n\n\n\n<h4 class=\"wp-block-heading\">Natomiast\u00a0<strong>klasy IV-VIII<\/strong>\u00a0(od poniedzia\u0142ku do \u015brody) ko\u0144cz\u0105 zaj\u0119cia o godz. 13.25, tak aby ch\u0119tni uczniowie mogli uczestniczy\u0107 w spotkaniach rekolekcyjnych, do ko\u015bcio\u0142a przechodz\u0105 samodzielnie.<\/h4>\n\n\n\n<h4 class=\"wp-block-heading\">Rekolekcje odb\u0119d\u0105 si\u0119\u00a0<strong>od godz. 14.00 do godz. 15.00<\/strong>\u00a0w ko\u015bciele Parafia pw. \u015awi\u0119tego J\u00f3zefa Oblubie\u0144ca Naj\u015bwi\u0119tszej Marii Panny , ul. Genera\u0142a Kazimierza Sosnkowskiego 34. W ko\u015bciele uczniowie b\u0119d\u0105 przebywa\u0107 pod opiek\u0105 Katechet\u00f3w, po zako\u0144czonych rekolekcjach uczniowie samodzielnie wracaj\u0105 do domu.<\/h4>\n","protected":false},"excerpt":{"rendered":"<p>W dniach\u00a027 &#8211; 29 marca odb\u0119d\u0105 si\u0119\u00a0Rekolekcje Wielkopostne\u00a0dla uczni\u00f3w klas\u00a0I-III\u00a0i\u00a0IV-VIII. W tych dniach (poniedzia\u0142ek &#8211; \u015broda) uczniowie\u00a0klas I-III\u00a0wraz z nauczycielami przejd\u0105 na rekolekcje na godz. 10.00. Uczniowie, kt\u00f3rzy nie ucz\u0119szczaj\u0105 na zaj\u0119cia z religii zostaj\u0105 pod opiek\u0105 wychowawc\u00f3w \u015bwietlicy. Klasy wracaj\u0105 na ok. godz. 11.00 do szko\u0142y, na obiad, nast\u0119pnie zaj\u0119cia odbywaj\u0105 si\u0119 wed\u0142ug planu. [&hellip;]<\/p>\n","protected":false},"author":1,"featured_media":726,"comment_status":"open","ping_status":"open","sticky":false,"template":"","format":"standard","meta":{"footnotes":""},"categories":[1],"tags":[],"class_list":["post-725","post","type-post","status-publish","format-standard","has-post-thumbnail","hentry","category-uncategorized"],"_links":{"self":[{"href":"https:\/\/szkolanr8.freekru.pl\/index.php?rest_route=\/wp\/v2\/posts\/725","targetHints":{"allow":["GET"]}}],"collection":[{"href":"https:\/\/szkolanr8.freekru.pl\/index.php?rest_route=\/wp\/v2\/posts"}],"about":[{"href":"https:\/\/szkolanr8.freekru.pl\/index.php?rest_route=\/wp\/v2\/types\/post"}],"author":[{"embeddable":true,"href":"https:\/\/szkolanr8.freekru.pl\/index.php?rest_route=\/wp\/v2\/users\/1"}],"replies":[{"embeddable":true,"href":"https:\/\/szkolanr8.freekru.pl\/index.php?rest_route=%2Fwp%2Fv2%2Fcomments&post=725"}],"version-history":[{"count":1,"href":"https:\/\/szkolanr8.freekru.pl\/index.php?rest_route=\/wp\/v2\/posts\/725\/revisions"}],"predecessor-version":[{"id":727,"href":"https:\/\/szkolanr8.freekru.pl\/index.php?rest_route=\/wp\/v2\/posts\/725\/revisions\/727"}],"wp:featuredmedia":[{"embeddable":true,"href":"https:\/\/szkolanr8.freekru.pl\/index.php?rest_route=\/wp\/v2\/media\/726"}],"wp:attachment":[{"href":"https:\/\/szkolanr8.freekru.pl\/index.php?rest_route=%2Fwp%2Fv2%2Fmedia&parent=725"}],"wp:term":[{"taxonomy":"category","embeddable":true,"href":"https:\/\/szkolanr8.freekru.pl\/index.php?rest_route=%2Fwp%2Fv2%2Fcategories&post=725"},{"taxonomy":"post_tag","embeddable":true,"href":"https:\/\/szkolanr8.freekru.pl\/index.php?rest_route=%2Fwp%2Fv2%2Ftags&post=725"}],"curies":[{"name":"wp","href":"https:\/\/api.w.org\/{rel}","templated":true}]}}